{"id":2379,"date":"2026-04-21T10:42:55","date_gmt":"2026-04-21T08:42:55","guid":{"rendered":"https:\/\/global-metodi.com\/?p=2379"},"modified":"2026-04-21T10:51:12","modified_gmt":"2026-04-21T08:51:12","slug":"podpisana-ramowa-umowa-z-uniwersytetem-slaskim","status":"publish","type":"post","link":"https:\/\/global-metodi.com\/en\/2026\/04\/21\/podpisana-ramowa-umowa-z-uniwersytetem-slaskim\/","title":{"rendered":"Podpisana ramowa umowa z Uniwersytetem \u015al\u0105skim"},"content":{"rendered":"<p>Od kilku lat wsp\u00f3\u0142pracujemy z Uniwersytetem \u015al\u0105skim organizuj\u0105c otwarte kursy i szkolenia dla student\u00f3w. W ubieg\u0142ym tygodniu podpisali\u015bmy umow\u0119 ramow\u0105 wsp\u00f3\u0142pracy w ramach dzia\u0142a\u0144 m.in Biura Karier.<\/p>\n<p>Za nami szkolenie otwarte z technik odporno\u015bci psychicznej, przed nami warsztat asertywno\u015bci ju\u017c w tym tygodniu.<\/p>\n<p data-start=\"0\" data-end=\"401\">W okresie wakacyjnym b\u0119dziemy przeprowadzimy szkolenie w ramach programu <strong data-start=\"68\" data-end=\"101\">Akademia Rozwoju Kariery 2025<\/strong>, realizowanego na Uniwersytecie \u015al\u0105skim. Cykl odbywa si\u0119 od 2 lipca do 10 wrze\u015bnia i obejmuje bezp\u0142atne, praktyczne warsztaty dla student\u00f3w i m\u0142odych os\u00f3b wchodz\u0105cych na rynek pracy. Nasze szkolenie b\u0119dzie cz\u0119\u015bci\u0105 tego programu, wspieraj\u0105c uczestnik\u00f3w w rozwijaniu kluczowych kompetencji zawodowych.<\/p>\n<p data-start=\"403\" data-end=\"875\" data-is-last-node=\"\" data-is-only-node=\"\">W ramach Akademii szkolenia prowadz\u0105 eksperci z renomowanych firm i instytucji, takich jak m.in. Sopra Steria, HEINEKEN Krak\u00f3w, ING Bank \u015al\u0105ski, T\u00dcV Rheinland Polska czy Vialto Partners. Tematyka obejmuje m.in. przyw\u00f3dztwo, komunikacj\u0119, sprzeda\u017c, AI, zarz\u0105dzanie projektami, wyst\u0105pienia publiczne czy budowanie marki osobistej. Dzi\u0119ki temu uczestnicy maj\u0105 mo\u017cliwo\u015b\u0107 zdobycia praktycznej wiedzy bezpo\u015brednio od praktyk\u00f3w biznesu i poznania reali\u00f3w pracy w r\u00f3\u017cnych bran\u017cach.<\/p>","protected":false},"excerpt":{"rendered":"<p>Od kilku lat wsp\u00f3\u0142pracujemy z Uniwersytetem \u015al\u0105skim organizuj\u0105c otwarte kursy i szkolenia dla student\u00f3w. W ubieg\u0142ym tygodniu podpisali\u015bmy umow\u0119 ramow\u0105 wsp\u00f3\u0142pracy w ramach dzia\u0142a\u0144 m.in Biura Karier. Za nami szkolenie otwarte z technik odporno\u015bci psychicznej, przed nami warsztat asertywno\u015bci ju\u017c w tym tygodniu. W okresie wakacyjnym b\u0119dziemy przeprowadzimy szkolenie w ramach programu Akademia Rozwoju Kariery [&hellip;]<\/p>\n","protected":false},"author":2,"featured_media":2382,"comment_status":"closed","ping_status":"closed","sticky":false,"template":"","format":"standard","meta":{"_acf_changed":false,"inline_featured_image":false,"footnotes":""},"categories":[83],"tags":[],"class_list":["post-2379","post","type-post","status-publish","format-standard","has-post-thumbnail","hentry","category-artykuly"],"acf":[],"_links":{"self":[{"href":"https:\/\/global-metodi.com\/en\/wp-json\/wp\/v2\/posts\/2379","targetHints":{"allow":["GET"]}}],"collection":[{"href":"https:\/\/global-metodi.com\/en\/wp-json\/wp\/v2\/posts"}],"about":[{"href":"https:\/\/global-metodi.com\/en\/wp-json\/wp\/v2\/types\/post"}],"author":[{"embeddable":true,"href":"https:\/\/global-metodi.com\/en\/wp-json\/wp\/v2\/users\/2"}],"replies":[{"embeddable":true,"href":"https:\/\/global-metodi.com\/en\/wp-json\/wp\/v2\/comments?post=2379"}],"version-history":[{"count":1,"href":"https:\/\/global-metodi.com\/en\/wp-json\/wp\/v2\/posts\/2379\/revisions"}],"predecessor-version":[{"id":2381,"href":"https:\/\/global-metodi.com\/en\/wp-json\/wp\/v2\/posts\/2379\/revisions\/2381"}],"wp:featuredmedia":[{"embeddable":true,"href":"https:\/\/global-metodi.com\/en\/wp-json\/wp\/v2\/media\/2382"}],"wp:attachment":[{"href":"https:\/\/global-metodi.com\/en\/wp-json\/wp\/v2\/media?parent=2379"}],"wp:term":[{"taxonomy":"category","embeddable":true,"href":"https:\/\/global-metodi.com\/en\/wp-json\/wp\/v2\/categories?post=2379"},{"taxonomy":"post_tag","embeddable":true,"href":"https:\/\/global-metodi.com\/en\/wp-json\/wp\/v2\/tags?post=2379"}],"curies":[{"name":"wp","href":"https:\/\/api.w.org\/{rel}","templated":true}]}}